{"id":5935,"date":"2024-03-01T11:57:16","date_gmt":"2024-03-01T10:57:16","guid":{"rendered":"https:\/\/www.ericaturizam.hr\/park-riviera-2-zimmer\/"},"modified":"2025-07-28T10:14:21","modified_gmt":"2025-07-28T08:14:21","slug":"park-riviera-2-zimmer-neu","status":"publish","type":"post","link":"https:\/\/www.ericaturizam.hr\/de\/park-riviera-2-zimmer-neu\/","title":{"rendered":"Park Riviera 2 Zimmer"},"content":{"rendered":"<p><div class=\"fusion-fullwidth fullwidth-box fusion-builder-row-1 has-pattern-background has-mask-background nonhundred-percent-fullwidth non-hundred-percent-height-scrolling rentilo_rezervacije\" style=\"--awb-background-position:left top;--awb-border-sizes-top:0px;--awb-border-sizes-bottom:0px;--awb-border-sizes-left:0px;--awb-border-sizes-right:0px;--awb-border-radius-top-left:0px;--awb-border-radius-top-right:0px;--awb-border-radius-bottom-right:0px;--awb-border-radius-bottom-left:0px;--awb-padding-top:0px;--awb-padding-bottom:35px;--awb-flex-wrap:wrap;\" ><div class=\"fusion-builder-row fusion-row\"><div class=\"fusion-layout-column fusion_builder_column fusion-builder-column-0 fusion_builder_column_1_1 1_1 fusion-one-full fusion-column-first fusion-column-last stranice_clanak_prvi\" style=\"--awb-bg-position:right bottom;--awb-bg-size:cover;\"><div class=\"fusion-column-wrapper fusion-flex-column-wrapper-legacy\"><div class=\"fusion-sep-clear\"><\/div><div class=\"fusion-separator fusion-clearfix\" style=\"float:left;margin-top:0px;margin-bottom:20px;width:100%;max-width:50px;\"><div class=\"fusion-separator-border sep-single sep-solid\" style=\"--awb-height:20px;--awb-amount:20px;--awb-sep-color:#cbaa5c;border-color:#cbaa5c;border-top-width:1px;\"><\/div><\/div><div class=\"fusion-sep-clear\"><\/div><div class=\"fusion-text fusion-text-1\"><p style=\"text-align: justify;\">Probieren Sie einen Urlaub im Freien.\u00a0Erleben Sie alle positiven Aspekte eines Camp-Urlaubs, aber ohne Luxus zu opfern, untergebracht in einem komfortablen Mobilheim, in dem Sie nichts verpassen werden.\u00a0Bringen Sie Ihren Urlaub auf ein h\u00f6heres Niveau in dem einzigartigen Erlebnis\u00a0eines Mobilheims, das ganz f\u00fcr Ihren Komfort eingerichtet ist.<\/p>\n<p style=\"text-align: justify;\"><strong>Unterkunft<\/strong><\/p>\n<p style=\"text-align: justify;\">Mobilheime\u00a0Park Riviera befinden sich in einem ruhigen Teil von CampingIN Park Umag, in der N\u00e4he eines Naturstrandes und nicht weit entfernt vom Park Pool, Sportpl\u00e4tze, Supermarkt, Restaurant und alle anderen Parkinhalte.<\/p>\n<p style=\"text-align: justify;\">Die Mobilheime sind erf\u00fcllt von einer wohligen Atmosph\u00e4re eines Lebens in Zusammenarbeit mit der Natur. Sie sind mit Inhalten ausgestattet, die f\u00fcr einen stressfreien Urlaub im Freien notwendig sind. Um h\u00f6heren Komfort zu erreichen, sind zwei Badezimmer vorhanden. Eine \u00fcberdachte Holzterrasse bietet Schatten den ganzen Tag, so dass Sie jederzeit sitzen oder liegen k\u00f6nnen.<\/p>\n<\/div><div class=\"fusion-aligncenter\"><a class=\"fusion-button button-flat button-xlarge button-default fusion-button-default button-1 fusion-button-default-span fusion-button-default-type\" style=\"--button_margin-top:20px;--button_margin-right:20px;--button_margin-bottom:20px;--button_margin-left:20px;\" target=\"lightbox\" rel=\"iLightbox\" href=\"https:\/\/booking.rentl.io\/de\/22276\/6f817218-590c-4f37-a0cd-4eacdcc2ccd1\"><i class=\"fa-bed fas awb-button__icon awb-button__icon--default button-icon-left\" aria-hidden=\"true\"><\/i><span class=\"fusion-button-text awb-button__text awb-button__text--default\">Buch<\/span><\/a><\/div><div class=\"fusion-clearfix\"><\/div><\/div><\/div><div class=\"fusion-layout-column fusion_builder_column fusion-builder-column-1 fusion_builder_column_1_4 1_4 fusion-one-fourth fusion-column-first desna_info_kolona\" style=\"--awb-bg-size:cover;width:25%;width:calc(25% - ( ( 4% + 4% + 4% ) * 0.25 ) );margin-right: 4%;\"><div class=\"fusion-column-wrapper fusion-column-has-shadow fusion-flex-column-wrapper-legacy\"><ul style=\"--awb-iconcolor:#b09557;--awb-line-height:23.8px;--awb-icon-width:23.8px;--awb-icon-height:23.8px;--awb-icon-margin:9.8px;--awb-content-margin:33.6px;\" class=\"fusion-checklist fusion-checklist-1 fusion-checklist-default type-icons\"><li class=\"fusion-li-item\" style=\"\"><span class=\"icon-wrapper circle-no\"><i class=\"fusion-li-icon fa-check-circle far\" aria-hidden=\"true\"><\/i><\/span><div class=\"fusion-li-item-content\">CampingIN Park Umag<\/div><\/li><\/ul><div class=\"fusion-sep-clear\"><\/div><div class=\"fusion-separator fusion-full-width-sep\" style=\"margin-left: auto;margin-right: auto;margin-bottom:13px;width:100%;\"><\/div><div class=\"fusion-sep-clear\"><\/div><div class=\"fusion-clearfix\"><\/div><\/div><\/div><div class=\"fusion-layout-column fusion_builder_column fusion-builder-column-2 fusion_builder_column_1_4 1_4 fusion-one-fourth desna_info_kolona\" style=\"--awb-bg-size:cover;width:25%;width:calc(25% - ( ( 4% + 4% + 4% ) * 0.25 ) );margin-right: 4%;\"><div class=\"fusion-column-wrapper fusion-column-has-shadow fusion-flex-column-wrapper-legacy\"><ul style=\"--awb-iconcolor:#b09557;--awb-line-height:23.8px;--awb-icon-width:23.8px;--awb-icon-height:23.8px;--awb-icon-margin:9.8px;--awb-content-margin:33.6px;\" class=\"fusion-checklist fusion-checklist-2 fusion-checklist-default type-icons\"><li class=\"fusion-li-item\" style=\"\"><span class=\"icon-wrapper circle-no\"><i class=\"fusion-li-icon fa-check-circle far\" aria-hidden=\"true\"><\/i><\/span><div class=\"fusion-li-item-content\">\n<p>Ladin gaj 132a HR-52470 Umag<\/p>\n<\/div><\/li><\/ul><div class=\"fusion-sep-clear\"><\/div><div class=\"fusion-separator fusion-full-width-sep\" style=\"margin-left: auto;margin-right: auto;margin-bottom:13px;width:100%;\"><\/div><div class=\"fusion-sep-clear\"><\/div><div class=\"fusion-clearfix\"><\/div><\/div><\/div><div class=\"fusion-layout-column fusion_builder_column fusion-builder-column-3 fusion_builder_column_1_4 1_4 fusion-one-fourth desna_info_kolona\" style=\"--awb-bg-size:cover;width:25%;width:calc(25% - ( ( 4% + 4% + 4% ) * 0.25 ) );margin-right: 4%;\"><div class=\"fusion-column-wrapper fusion-column-has-shadow fusion-flex-column-wrapper-legacy\"><ul style=\"--awb-iconcolor:#b09557;--awb-line-height:23.8px;--awb-icon-width:23.8px;--awb-icon-height:23.8px;--awb-icon-margin:9.8px;--awb-content-margin:33.6px;\" class=\"fusion-checklist fusion-checklist-3 fusion-checklist-default type-icons\"><li class=\"fusion-li-item\" style=\"\"><span class=\"icon-wrapper circle-no\"><i class=\"fusion-li-icon fa-check-circle far\" aria-hidden=\"true\"><\/i><\/span><div class=\"fusion-li-item-content\">\n<p>KROATIEN<\/p>\n<\/div><\/li><\/ul><div class=\"fusion-sep-clear\"><\/div><div class=\"fusion-separator fusion-full-width-sep\" style=\"margin-left: auto;margin-right: auto;margin-bottom:13px;width:100%;\"><\/div><div class=\"fusion-sep-clear\"><\/div><div class=\"fusion-clearfix\"><\/div><\/div><\/div><div class=\"fusion-layout-column fusion_builder_column fusion-builder-column-4 fusion_builder_column_1_4 1_4 fusion-one-fourth fusion-column-last desna_info_kolona\" style=\"--awb-bg-size:cover;width:25%;width:calc(25% - ( ( 4% + 4% + 4% ) * 0.25 ) );\"><div class=\"fusion-column-wrapper fusion-column-has-shadow fusion-flex-column-wrapper-legacy\"><ul style=\"--awb-iconcolor:#b09557;--awb-line-height:23.8px;--awb-icon-width:23.8px;--awb-icon-height:23.8px;--awb-icon-margin:9.8px;--awb-content-margin:33.6px;\" class=\"fusion-checklist fusion-checklist-4 fusion-checklist-default type-icons\"><li class=\"fusion-li-item\" style=\"\"><span class=\"icon-wrapper circle-no\"><i class=\"fusion-li-icon fa-envelope far\" aria-hidden=\"true\"><\/i><\/span><div class=\"fusion-li-item-content\">\n<p><span style=\"color: #000000;\"><a style=\"color: #000000;\" href=\"mailto:info@ericaturizam.hr\">info@ericaturizam.hr<\/a><\/span><\/p>\n<\/div><\/li><\/ul><div class=\"fusion-sep-clear\"><\/div><div class=\"fusion-separator fusion-full-width-sep\" style=\"margin-left: auto;margin-right: auto;margin-bottom:13px;width:100%;\"><\/div><div class=\"fusion-sep-clear\"><\/div><div class=\"fusion-clearfix\"><\/div><\/div><\/div><div class=\"fusion-layout-column fusion_builder_column fusion-builder-column-5 fusion_builder_column_1_1 1_1 fusion-one-full fusion-column-first fusion-column-last fusion-column-no-min-height\" style=\"--awb-bg-size:cover;--awb-margin-bottom:0px;\"><div class=\"fusion-column-wrapper fusion-flex-column-wrapper-legacy\"><div class=\"awb-gallery-wrapper awb-gallery-wrapper-1 button-span-no\" style=\"--more-btn-alignment:center;\"><div style=\"margin:-10px;--awb-bordersize:0px;\" class=\"fusion-gallery fusion-gallery-container fusion-grid-4 fusion-columns-total-15 fusion-gallery-layout-grid fusion-gallery-1\"><div style=\"padding:10px;\" class=\"fusion-grid-column fusion-gallery-column fusion-gallery-column-4 hover-type-none\"><div class=\"fusion-gallery-image\"><a href=\"https:\/\/www.ericaturizam.hr\/wp-content\/uploads\/2017\/12\/Park_riviera_sobe_1.jpg\" rel=\"noreferrer\" data-rel=\"iLightbox[gallery_image_1]\" class=\"fusion-lightbox\" target=\"_self\"><img decoding=\"async\" src=\"https:\/\/www.ericaturizam.hr\/wp-content\/uploads\/2017\/12\/Park_riviera_sobe_1.jpg\" width=\"900\" height=\"500\" alt=\"\" title=\"Park_riviera_sobe_1\" aria-label=\"Park_riviera_sobe_1\" class=\"img-responsive wp-image-1874\" srcset=\"https:\/\/www.ericaturizam.hr\/wp-content\/uploads\/2017\/12\/Park_riviera_sobe_1-200x111.jpg 200w, https:\/\/www.ericaturizam.hr\/wp-content\/uploads\/2017\/12\/Park_riviera_sobe_1-400x222.jpg 400w, https:\/\/www.ericaturizam.hr\/wp-content\/uploads\/2017\/12\/Park_riviera_sobe_1-600x333.jpg 600w, https:\/\/www.ericaturizam.hr\/wp-content\/uploads\/2017\/12\/Park_riviera_sobe_1-800x444.jpg 800w, https:\/\/www.ericaturizam.hr\/wp-content\/uploads\/2017\/12\/Park_riviera_sobe_1.jpg 900w\" sizes=\"(min-width: 2200px) 100vw, (min-width: 1220px) 285px, (min-width: 1129px) 380px, (min-width: 1037px) 570px, (min-width: 945px) 1037px, \" \/><\/a><\/div><\/div><div style=\"padding:10px;\" class=\"fusion-grid-column fusion-gallery-column fusion-gallery-column-4 hover-type-none\"><div class=\"fusion-gallery-image\"><a href=\"https:\/\/www.ericaturizam.hr\/wp-content\/uploads\/2017\/12\/Park_riviera_sobe_2.jpg\" rel=\"noreferrer\" data-rel=\"iLightbox[gallery_image_1]\" class=\"fusion-lightbox\" target=\"_self\"><img decoding=\"async\" src=\"https:\/\/www.ericaturizam.hr\/wp-content\/uploads\/2017\/12\/Park_riviera_sobe_2.jpg\" width=\"900\" height=\"600\" alt=\"\" title=\"Park_riviera_sobe_2\" aria-label=\"Park_riviera_sobe_2\" class=\"img-responsive wp-image-1875\" srcset=\"https:\/\/www.ericaturizam.hr\/wp-content\/uploads\/2017\/12\/Park_riviera_sobe_2-200x133.jpg 200w, https:\/\/www.ericaturizam.hr\/wp-content\/uploads\/2017\/12\/Park_riviera_sobe_2-400x267.jpg 400w, https:\/\/www.ericaturizam.hr\/wp-content\/uploads\/2017\/12\/Park_riviera_sobe_2-600x400.jpg 600w, https:\/\/www.ericaturizam.hr\/wp-content\/uploads\/2017\/12\/Park_riviera_sobe_2-800x533.jpg 800w, https:\/\/www.ericaturizam.hr\/wp-content\/uploads\/2017\/12\/Park_riviera_sobe_2.jpg 900w\" sizes=\"(min-width: 2200px) 100vw, (min-width: 1220px) 285px, (min-width: 1129px) 380px, (min-width: 1037px) 570px, (min-width: 945px) 1037px, \" \/><\/a><\/div><\/div><div style=\"padding:10px;\" class=\"fusion-grid-column fusion-gallery-column fusion-gallery-column-4 hover-type-none\"><div class=\"fusion-gallery-image\"><a href=\"https:\/\/www.ericaturizam.hr\/wp-content\/uploads\/2017\/12\/Park_riviera_sobe_3.jpg\" rel=\"noreferrer\" data-rel=\"iLightbox[gallery_image_1]\" class=\"fusion-lightbox\" target=\"_self\"><img decoding=\"async\" src=\"https:\/\/www.ericaturizam.hr\/wp-content\/uploads\/2017\/12\/Park_riviera_sobe_3.jpg\" width=\"600\" height=\"900\" alt=\"\" title=\"Park_riviera_sobe_3\" aria-label=\"Park_riviera_sobe_3\" class=\"img-responsive wp-image-1876\" srcset=\"https:\/\/www.ericaturizam.hr\/wp-content\/uploads\/2017\/12\/Park_riviera_sobe_3-200x300.jpg 200w, https:\/\/www.ericaturizam.hr\/wp-content\/uploads\/2017\/12\/Park_riviera_sobe_3-400x600.jpg 400w, https:\/\/www.ericaturizam.hr\/wp-content\/uploads\/2017\/12\/Park_riviera_sobe_3.jpg 600w\" sizes=\"(min-width: 2200px) 100vw, (min-width: 1220px) 285px, (min-width: 1129px) 380px, (min-width: 1037px) 570px, (min-width: 945px) 1037px, \" \/><\/a><\/div><\/div><div style=\"padding:10px;\" class=\"fusion-grid-column fusion-gallery-column fusion-gallery-column-4 hover-type-none\"><div class=\"fusion-gallery-image\"><a href=\"https:\/\/www.ericaturizam.hr\/wp-content\/uploads\/2017\/12\/Park_riviera_sobe_4.jpg\" rel=\"noreferrer\" data-rel=\"iLightbox[gallery_image_1]\" class=\"fusion-lightbox\" target=\"_self\"><img decoding=\"async\" src=\"https:\/\/www.ericaturizam.hr\/wp-content\/uploads\/2017\/12\/Park_riviera_sobe_4.jpg\" width=\"900\" height=\"600\" alt=\"\" title=\"Park_riviera_sobe_4\" aria-label=\"Park_riviera_sobe_4\" class=\"img-responsive wp-image-1877\" srcset=\"https:\/\/www.ericaturizam.hr\/wp-content\/uploads\/2017\/12\/Park_riviera_sobe_4-200x133.jpg 200w, https:\/\/www.ericaturizam.hr\/wp-content\/uploads\/2017\/12\/Park_riviera_sobe_4-400x267.jpg 400w, https:\/\/www.ericaturizam.hr\/wp-content\/uploads\/2017\/12\/Park_riviera_sobe_4-600x400.jpg 600w, https:\/\/www.ericaturizam.hr\/wp-content\/uploads\/2017\/12\/Park_riviera_sobe_4-800x533.jpg 800w, https:\/\/www.ericaturizam.hr\/wp-content\/uploads\/2017\/12\/Park_riviera_sobe_4.jpg 900w\" sizes=\"(min-width: 2200px) 100vw, (min-width: 1220px) 285px, (min-width: 1129px) 380px, (min-width: 1037px) 570px, (min-width: 945px) 1037px, \" \/><\/a><\/div><\/div><div class=\"clearfix\"><\/div><div style=\"padding:10px;\" class=\"fusion-grid-column fusion-gallery-column fusion-gallery-column-4 hover-type-none\"><div class=\"fusion-gallery-image\"><a href=\"https:\/\/www.ericaturizam.hr\/wp-content\/uploads\/2017\/12\/Park_riviera_sobe_5.jpg\" rel=\"noreferrer\" data-rel=\"iLightbox[gallery_image_1]\" class=\"fusion-lightbox\" target=\"_self\"><img decoding=\"async\" src=\"https:\/\/www.ericaturizam.hr\/wp-content\/uploads\/2017\/12\/Park_riviera_sobe_5.jpg\" width=\"900\" height=\"600\" alt=\"\" title=\"Park_riviera_sobe_5\" aria-label=\"Park_riviera_sobe_5\" class=\"img-responsive wp-image-1878\" srcset=\"https:\/\/www.ericaturizam.hr\/wp-content\/uploads\/2017\/12\/Park_riviera_sobe_5-200x133.jpg 200w, https:\/\/www.ericaturizam.hr\/wp-content\/uploads\/2017\/12\/Park_riviera_sobe_5-400x267.jpg 400w, https:\/\/www.ericaturizam.hr\/wp-content\/uploads\/2017\/12\/Park_riviera_sobe_5-600x400.jpg 600w, https:\/\/www.ericaturizam.hr\/wp-content\/uploads\/2017\/12\/Park_riviera_sobe_5-800x533.jpg 800w, https:\/\/www.ericaturizam.hr\/wp-content\/uploads\/2017\/12\/Park_riviera_sobe_5.jpg 900w\" sizes=\"(min-width: 2200px) 100vw, (min-width: 1220px) 285px, (min-width: 1129px) 380px, (min-width: 1037px) 570px, (min-width: 945px) 1037px, \" \/><\/a><\/div><\/div><div style=\"padding:10px;\" class=\"fusion-grid-column fusion-gallery-column fusion-gallery-column-4 hover-type-none\"><div class=\"fusion-gallery-image\"><a href=\"https:\/\/www.ericaturizam.hr\/wp-content\/uploads\/2017\/12\/Park_riviera_sobe_6.jpg\" rel=\"noreferrer\" data-rel=\"iLightbox[gallery_image_1]\" class=\"fusion-lightbox\" target=\"_self\"><img decoding=\"async\" src=\"https:\/\/www.ericaturizam.hr\/wp-content\/uploads\/2017\/12\/Park_riviera_sobe_6.jpg\" width=\"900\" height=\"600\" alt=\"\" title=\"Park_riviera_sobe_6\" aria-label=\"Park_riviera_sobe_6\" class=\"img-responsive wp-image-1879\" srcset=\"https:\/\/www.ericaturizam.hr\/wp-content\/uploads\/2017\/12\/Park_riviera_sobe_6-200x133.jpg 200w, https:\/\/www.ericaturizam.hr\/wp-content\/uploads\/2017\/12\/Park_riviera_sobe_6-400x267.jpg 400w, https:\/\/www.ericaturizam.hr\/wp-content\/uploads\/2017\/12\/Park_riviera_sobe_6-600x400.jpg 600w, https:\/\/www.ericaturizam.hr\/wp-content\/uploads\/2017\/12\/Park_riviera_sobe_6-800x533.jpg 800w, https:\/\/www.ericaturizam.hr\/wp-content\/uploads\/2017\/12\/Park_riviera_sobe_6.jpg 900w\" sizes=\"(min-width: 2200px) 100vw, (min-width: 1220px) 285px, (min-width: 1129px) 380px, (min-width: 1037px) 570px, (min-width: 945px) 1037px, \" \/><\/a><\/div><\/div><div style=\"padding:10px;\" class=\"fusion-grid-column fusion-gallery-column fusion-gallery-column-4 hover-type-none\"><div class=\"fusion-gallery-image\"><a href=\"https:\/\/www.ericaturizam.hr\/wp-content\/uploads\/2017\/12\/Park_riviera_sobe_7.jpg\" rel=\"noreferrer\" data-rel=\"iLightbox[gallery_image_1]\" class=\"fusion-lightbox\" target=\"_self\"><img decoding=\"async\" src=\"https:\/\/www.ericaturizam.hr\/wp-content\/uploads\/2017\/12\/Park_riviera_sobe_7.jpg\" width=\"900\" height=\"600\" alt=\"\" title=\"Park_riviera_sobe_7\" aria-label=\"Park_riviera_sobe_7\" class=\"img-responsive wp-image-1880\" srcset=\"https:\/\/www.ericaturizam.hr\/wp-content\/uploads\/2017\/12\/Park_riviera_sobe_7-200x133.jpg 200w, https:\/\/www.ericaturizam.hr\/wp-content\/uploads\/2017\/12\/Park_riviera_sobe_7-400x267.jpg 400w, https:\/\/www.ericaturizam.hr\/wp-content\/uploads\/2017\/12\/Park_riviera_sobe_7-600x400.jpg 600w, https:\/\/www.ericaturizam.hr\/wp-content\/uploads\/2017\/12\/Park_riviera_sobe_7-800x533.jpg 800w, https:\/\/www.ericaturizam.hr\/wp-content\/uploads\/2017\/12\/Park_riviera_sobe_7.jpg 900w\" sizes=\"(min-width: 2200px) 100vw, (min-width: 1220px) 285px, (min-width: 1129px) 380px, (min-width: 1037px) 570px, (min-width: 945px) 1037px, \" \/><\/a><\/div><\/div><div style=\"padding:10px;\" class=\"fusion-grid-column fusion-gallery-column fusion-gallery-column-4 hover-type-none\"><div class=\"fusion-gallery-image\"><a href=\"https:\/\/www.ericaturizam.hr\/wp-content\/uploads\/2019\/05\/Holiday-Mobile-Homes-Park-Riviera_Mobilne-ku\u0107ice-s-2-spava\u0107e-sobe-i-terasom01.jpg\" rel=\"noreferrer\" data-rel=\"iLightbox[gallery_image_1]\" class=\"fusion-lightbox\" target=\"_self\"><img decoding=\"async\" src=\"https:\/\/www.ericaturizam.hr\/wp-content\/uploads\/2019\/05\/Holiday-Mobile-Homes-Park-Riviera_Mobilne-ku\u0107ice-s-2-spava\u0107e-sobe-i-terasom01.jpg\" width=\"1024\" height=\"680\" alt=\"\" title=\"Holiday Mobile Homes Park Riviera_Mobilne ku\u0107ice s 2 spava\u0107e sobe i terasom01\" aria-label=\"Holiday Mobile Homes Park Riviera_Mobilne ku\u0107ice s 2 spava\u0107e sobe i terasom01\" class=\"img-responsive wp-image-3976\" srcset=\"https:\/\/www.ericaturizam.hr\/wp-content\/uploads\/2019\/05\/Holiday-Mobile-Homes-Park-Riviera_Mobilne-ku\u0107ice-s-2-spava\u0107e-sobe-i-terasom01-200x133.jpg 200w, https:\/\/www.ericaturizam.hr\/wp-content\/uploads\/2019\/05\/Holiday-Mobile-Homes-Park-Riviera_Mobilne-ku\u0107ice-s-2-spava\u0107e-sobe-i-terasom01-400x266.jpg 400w, https:\/\/www.ericaturizam.hr\/wp-content\/uploads\/2019\/05\/Holiday-Mobile-Homes-Park-Riviera_Mobilne-ku\u0107ice-s-2-spava\u0107e-sobe-i-terasom01-600x398.jpg 600w, https:\/\/www.ericaturizam.hr\/wp-content\/uploads\/2019\/05\/Holiday-Mobile-Homes-Park-Riviera_Mobilne-ku\u0107ice-s-2-spava\u0107e-sobe-i-terasom01-800x531.jpg 800w, https:\/\/www.ericaturizam.hr\/wp-content\/uploads\/2019\/05\/Holiday-Mobile-Homes-Park-Riviera_Mobilne-ku\u0107ice-s-2-spava\u0107e-sobe-i-terasom01.jpg 1024w\" sizes=\"(min-width: 2200px) 100vw, (min-width: 1220px) 285px, (min-width: 1129px) 380px, (min-width: 1037px) 570px, (min-width: 945px) 1037px, \" \/><\/a><\/div><\/div><div class=\"clearfix\"><\/div><div style=\"padding:10px;\" class=\"fusion-grid-column fusion-gallery-column fusion-gallery-column-4 hover-type-none\"><div class=\"fusion-gallery-image\"><a href=\"https:\/\/www.ericaturizam.hr\/wp-content\/uploads\/2019\/05\/Holiday-Mobile-Homes-Park-Riviera_Mobilne-ku\u0107ice-s-2-spava\u0107e-sobe-i-terasom02.jpg\" rel=\"noreferrer\" data-rel=\"iLightbox[gallery_image_1]\" class=\"fusion-lightbox\" target=\"_self\"><img decoding=\"async\" src=\"https:\/\/www.ericaturizam.hr\/wp-content\/uploads\/2019\/05\/Holiday-Mobile-Homes-Park-Riviera_Mobilne-ku\u0107ice-s-2-spava\u0107e-sobe-i-terasom02.jpg\" width=\"1024\" height=\"683\" alt=\"\" title=\"Holiday Mobile Homes Park Riviera_Mobilne ku\u0107ice s 2 spava\u0107e sobe i terasom02\" aria-label=\"Holiday Mobile Homes Park Riviera_Mobilne ku\u0107ice s 2 spava\u0107e sobe i terasom02\" class=\"img-responsive wp-image-3980\" srcset=\"https:\/\/www.ericaturizam.hr\/wp-content\/uploads\/2019\/05\/Holiday-Mobile-Homes-Park-Riviera_Mobilne-ku\u0107ice-s-2-spava\u0107e-sobe-i-terasom02-200x133.jpg 200w, https:\/\/www.ericaturizam.hr\/wp-content\/uploads\/2019\/05\/Holiday-Mobile-Homes-Park-Riviera_Mobilne-ku\u0107ice-s-2-spava\u0107e-sobe-i-terasom02-400x267.jpg 400w, https:\/\/www.ericaturizam.hr\/wp-content\/uploads\/2019\/05\/Holiday-Mobile-Homes-Park-Riviera_Mobilne-ku\u0107ice-s-2-spava\u0107e-sobe-i-terasom02-600x400.jpg 600w, https:\/\/www.ericaturizam.hr\/wp-content\/uploads\/2019\/05\/Holiday-Mobile-Homes-Park-Riviera_Mobilne-ku\u0107ice-s-2-spava\u0107e-sobe-i-terasom02-800x534.jpg 800w, https:\/\/www.ericaturizam.hr\/wp-content\/uploads\/2019\/05\/Holiday-Mobile-Homes-Park-Riviera_Mobilne-ku\u0107ice-s-2-spava\u0107e-sobe-i-terasom02.jpg 1024w\" sizes=\"(min-width: 2200px) 100vw, (min-width: 1220px) 285px, (min-width: 1129px) 380px, (min-width: 1037px) 570px, (min-width: 945px) 1037px, \" \/><\/a><\/div><\/div><div style=\"padding:10px;\" class=\"fusion-grid-column fusion-gallery-column fusion-gallery-column-4 hover-type-none\"><div class=\"fusion-gallery-image\"><a href=\"https:\/\/www.ericaturizam.hr\/wp-content\/uploads\/2019\/05\/Holiday-Mobile-Homes-Park-Riviera_Mobilne-ku\u0107ice-s-2-spava\u0107e-sobe-i-terasom03.jpg\" rel=\"noreferrer\" data-rel=\"iLightbox[gallery_image_1]\" class=\"fusion-lightbox\" target=\"_self\"><img decoding=\"async\" src=\"https:\/\/www.ericaturizam.hr\/wp-content\/uploads\/2019\/05\/Holiday-Mobile-Homes-Park-Riviera_Mobilne-ku\u0107ice-s-2-spava\u0107e-sobe-i-terasom03.jpg\" width=\"1024\" height=\"683\" alt=\"\" title=\"Holiday Mobile Homes Park Riviera_Mobilne ku\u0107ice s 2 spava\u0107e sobe i terasom03\" aria-label=\"Holiday Mobile Homes Park Riviera_Mobilne ku\u0107ice s 2 spava\u0107e sobe i terasom03\" class=\"img-responsive wp-image-3984\" srcset=\"https:\/\/www.ericaturizam.hr\/wp-content\/uploads\/2019\/05\/Holiday-Mobile-Homes-Park-Riviera_Mobilne-ku\u0107ice-s-2-spava\u0107e-sobe-i-terasom03-200x133.jpg 200w, https:\/\/www.ericaturizam.hr\/wp-content\/uploads\/2019\/05\/Holiday-Mobile-Homes-Park-Riviera_Mobilne-ku\u0107ice-s-2-spava\u0107e-sobe-i-terasom03-400x267.jpg 400w, https:\/\/www.ericaturizam.hr\/wp-content\/uploads\/2019\/05\/Holiday-Mobile-Homes-Park-Riviera_Mobilne-ku\u0107ice-s-2-spava\u0107e-sobe-i-terasom03-600x400.jpg 600w, https:\/\/www.ericaturizam.hr\/wp-content\/uploads\/2019\/05\/Holiday-Mobile-Homes-Park-Riviera_Mobilne-ku\u0107ice-s-2-spava\u0107e-sobe-i-terasom03-800x534.jpg 800w, https:\/\/www.ericaturizam.hr\/wp-content\/uploads\/2019\/05\/Holiday-Mobile-Homes-Park-Riviera_Mobilne-ku\u0107ice-s-2-spava\u0107e-sobe-i-terasom03.jpg 1024w\" sizes=\"(min-width: 2200px) 100vw, (min-width: 1220px) 285px, (min-width: 1129px) 380px, (min-width: 1037px) 570px, (min-width: 945px) 1037px, \" \/><\/a><\/div><\/div><div style=\"padding:10px;\" class=\"fusion-grid-column fusion-gallery-column fusion-gallery-column-4 hover-type-none\"><div class=\"fusion-gallery-image\"><a href=\"https:\/\/www.ericaturizam.hr\/wp-content\/uploads\/2019\/05\/Holiday-Mobile-Homes-Park-Riviera_Mobilne-ku\u0107ice-s-2-spava\u0107e-sobe-i-terasom04.jpg\" rel=\"noreferrer\" data-rel=\"iLightbox[gallery_image_1]\" class=\"fusion-lightbox\" target=\"_self\"><img decoding=\"async\" src=\"https:\/\/www.ericaturizam.hr\/wp-content\/uploads\/2019\/05\/Holiday-Mobile-Homes-Park-Riviera_Mobilne-ku\u0107ice-s-2-spava\u0107e-sobe-i-terasom04.jpg\" width=\"1024\" height=\"683\" alt=\"\" title=\"Holiday Mobile Homes Park Riviera_Mobilne ku\u0107ice s 2 spava\u0107e sobe i terasom04\" aria-label=\"Holiday Mobile Homes Park Riviera_Mobilne ku\u0107ice s 2 spava\u0107e sobe i terasom04\" class=\"img-responsive wp-image-3988\" srcset=\"https:\/\/www.ericaturizam.hr\/wp-content\/uploads\/2019\/05\/Holiday-Mobile-Homes-Park-Riviera_Mobilne-ku\u0107ice-s-2-spava\u0107e-sobe-i-terasom04-200x133.jpg 200w, https:\/\/www.ericaturizam.hr\/wp-content\/uploads\/2019\/05\/Holiday-Mobile-Homes-Park-Riviera_Mobilne-ku\u0107ice-s-2-spava\u0107e-sobe-i-terasom04-400x267.jpg 400w, https:\/\/www.ericaturizam.hr\/wp-content\/uploads\/2019\/05\/Holiday-Mobile-Homes-Park-Riviera_Mobilne-ku\u0107ice-s-2-spava\u0107e-sobe-i-terasom04-600x400.jpg 600w, https:\/\/www.ericaturizam.hr\/wp-content\/uploads\/2019\/05\/Holiday-Mobile-Homes-Park-Riviera_Mobilne-ku\u0107ice-s-2-spava\u0107e-sobe-i-terasom04-800x534.jpg 800w, https:\/\/www.ericaturizam.hr\/wp-content\/uploads\/2019\/05\/Holiday-Mobile-Homes-Park-Riviera_Mobilne-ku\u0107ice-s-2-spava\u0107e-sobe-i-terasom04.jpg 1024w\" sizes=\"(min-width: 2200px) 100vw, (min-width: 1220px) 285px, (min-width: 1129px) 380px, (min-width: 1037px) 570px, (min-width: 945px) 1037px, \" \/><\/a><\/div><\/div><div style=\"padding:10px;\" class=\"fusion-grid-column fusion-gallery-column fusion-gallery-column-4 hover-type-none\"><div class=\"fusion-gallery-image\"><a href=\"https:\/\/www.ericaturizam.hr\/wp-content\/uploads\/2019\/05\/Holiday-Mobile-Homes-Park-Riviera_Mobilne-ku\u0107ice-s-2-spava\u0107e-sobe-i-terasom05.jpg\" rel=\"noreferrer\" data-rel=\"iLightbox[gallery_image_1]\" class=\"fusion-lightbox\" target=\"_self\"><img decoding=\"async\" src=\"https:\/\/www.ericaturizam.hr\/wp-content\/uploads\/2019\/05\/Holiday-Mobile-Homes-Park-Riviera_Mobilne-ku\u0107ice-s-2-spava\u0107e-sobe-i-terasom05.jpg\" width=\"1024\" height=\"576\" alt=\"\" title=\"Holiday Mobile Homes Park Riviera_Mobilne ku\u0107ice s 2 spava\u0107e sobe i terasom05\" aria-label=\"Holiday Mobile Homes Park Riviera_Mobilne ku\u0107ice s 2 spava\u0107e sobe i terasom05\" class=\"img-responsive wp-image-3992\" srcset=\"https:\/\/www.ericaturizam.hr\/wp-content\/uploads\/2019\/05\/Holiday-Mobile-Homes-Park-Riviera_Mobilne-ku\u0107ice-s-2-spava\u0107e-sobe-i-terasom05-200x113.jpg 200w, https:\/\/www.ericaturizam.hr\/wp-content\/uploads\/2019\/05\/Holiday-Mobile-Homes-Park-Riviera_Mobilne-ku\u0107ice-s-2-spava\u0107e-sobe-i-terasom05-400x225.jpg 400w, https:\/\/www.ericaturizam.hr\/wp-content\/uploads\/2019\/05\/Holiday-Mobile-Homes-Park-Riviera_Mobilne-ku\u0107ice-s-2-spava\u0107e-sobe-i-terasom05-600x338.jpg 600w, https:\/\/www.ericaturizam.hr\/wp-content\/uploads\/2019\/05\/Holiday-Mobile-Homes-Park-Riviera_Mobilne-ku\u0107ice-s-2-spava\u0107e-sobe-i-terasom05-800x450.jpg 800w, https:\/\/www.ericaturizam.hr\/wp-content\/uploads\/2019\/05\/Holiday-Mobile-Homes-Park-Riviera_Mobilne-ku\u0107ice-s-2-spava\u0107e-sobe-i-terasom05.jpg 1024w\" sizes=\"(min-width: 2200px) 100vw, (min-width: 1220px) 285px, (min-width: 1129px) 380px, (min-width: 1037px) 570px, (min-width: 945px) 1037px, \" \/><\/a><\/div><\/div><div class=\"clearfix\"><\/div><div style=\"padding:10px;\" class=\"fusion-grid-column fusion-gallery-column fusion-gallery-column-4 hover-type-none\"><div class=\"fusion-gallery-image\"><a href=\"https:\/\/www.ericaturizam.hr\/wp-content\/uploads\/2019\/05\/Holiday-Mobile-Homes-Park-Riviera_Mobilne-ku\u0107ice-s-2-spava\u0107e-sobe-i-terasom06.jpg\" rel=\"noreferrer\" data-rel=\"iLightbox[gallery_image_1]\" class=\"fusion-lightbox\" target=\"_self\"><img decoding=\"async\" src=\"https:\/\/www.ericaturizam.hr\/wp-content\/uploads\/2019\/05\/Holiday-Mobile-Homes-Park-Riviera_Mobilne-ku\u0107ice-s-2-spava\u0107e-sobe-i-terasom06.jpg\" width=\"1024\" height=\"576\" alt=\"\" title=\"Holiday Mobile Homes Park Riviera_Mobilne ku\u0107ice s 2 spava\u0107e sobe i terasom06\" aria-label=\"Holiday Mobile Homes Park Riviera_Mobilne ku\u0107ice s 2 spava\u0107e sobe i terasom06\" class=\"img-responsive wp-image-3996\" srcset=\"https:\/\/www.ericaturizam.hr\/wp-content\/uploads\/2019\/05\/Holiday-Mobile-Homes-Park-Riviera_Mobilne-ku\u0107ice-s-2-spava\u0107e-sobe-i-terasom06-200x113.jpg 200w, https:\/\/www.ericaturizam.hr\/wp-content\/uploads\/2019\/05\/Holiday-Mobile-Homes-Park-Riviera_Mobilne-ku\u0107ice-s-2-spava\u0107e-sobe-i-terasom06-400x225.jpg 400w, https:\/\/www.ericaturizam.hr\/wp-content\/uploads\/2019\/05\/Holiday-Mobile-Homes-Park-Riviera_Mobilne-ku\u0107ice-s-2-spava\u0107e-sobe-i-terasom06-600x338.jpg 600w, https:\/\/www.ericaturizam.hr\/wp-content\/uploads\/2019\/05\/Holiday-Mobile-Homes-Park-Riviera_Mobilne-ku\u0107ice-s-2-spava\u0107e-sobe-i-terasom06-800x450.jpg 800w, https:\/\/www.ericaturizam.hr\/wp-content\/uploads\/2019\/05\/Holiday-Mobile-Homes-Park-Riviera_Mobilne-ku\u0107ice-s-2-spava\u0107e-sobe-i-terasom06.jpg 1024w\" sizes=\"(min-width: 2200px) 100vw, (min-width: 1220px) 285px, (min-width: 1129px) 380px, (min-width: 1037px) 570px, (min-width: 945px) 1037px, \" \/><\/a><\/div><\/div><div style=\"padding:10px;\" class=\"fusion-grid-column fusion-gallery-column fusion-gallery-column-4 hover-type-none\"><div class=\"fusion-gallery-image\"><a href=\"https:\/\/www.ericaturizam.hr\/wp-content\/uploads\/2019\/05\/Holiday-Mobile-Homes-Park-Riviera_Mobilne-ku\u0107ice-s-2-spava\u0107e-sobe-i-terasom07.jpg\" rel=\"noreferrer\" data-rel=\"iLightbox[gallery_image_1]\" class=\"fusion-lightbox\" target=\"_self\"><img decoding=\"async\" src=\"https:\/\/www.ericaturizam.hr\/wp-content\/uploads\/2019\/05\/Holiday-Mobile-Homes-Park-Riviera_Mobilne-ku\u0107ice-s-2-spava\u0107e-sobe-i-terasom07.jpg\" width=\"1024\" height=\"576\" alt=\"\" title=\"Holiday Mobile Homes Park Riviera_Mobilne ku\u0107ice s 2 spava\u0107e sobe i terasom07\" aria-label=\"Holiday Mobile Homes Park Riviera_Mobilne ku\u0107ice s 2 spava\u0107e sobe i terasom07\" class=\"img-responsive wp-image-4000\" srcset=\"https:\/\/www.ericaturizam.hr\/wp-content\/uploads\/2019\/05\/Holiday-Mobile-Homes-Park-Riviera_Mobilne-ku\u0107ice-s-2-spava\u0107e-sobe-i-terasom07-200x113.jpg 200w, https:\/\/www.ericaturizam.hr\/wp-content\/uploads\/2019\/05\/Holiday-Mobile-Homes-Park-Riviera_Mobilne-ku\u0107ice-s-2-spava\u0107e-sobe-i-terasom07-400x225.jpg 400w, https:\/\/www.ericaturizam.hr\/wp-content\/uploads\/2019\/05\/Holiday-Mobile-Homes-Park-Riviera_Mobilne-ku\u0107ice-s-2-spava\u0107e-sobe-i-terasom07-600x338.jpg 600w, https:\/\/www.ericaturizam.hr\/wp-content\/uploads\/2019\/05\/Holiday-Mobile-Homes-Park-Riviera_Mobilne-ku\u0107ice-s-2-spava\u0107e-sobe-i-terasom07-800x450.jpg 800w, https:\/\/www.ericaturizam.hr\/wp-content\/uploads\/2019\/05\/Holiday-Mobile-Homes-Park-Riviera_Mobilne-ku\u0107ice-s-2-spava\u0107e-sobe-i-terasom07.jpg 1024w\" sizes=\"(min-width: 2200px) 100vw, (min-width: 1220px) 285px, (min-width: 1129px) 380px, (min-width: 1037px) 570px, (min-width: 945px) 1037px, \" \/><\/a><\/div><\/div><div style=\"padding:10px;\" class=\"fusion-grid-column fusion-gallery-column fusion-gallery-column-4 hover-type-none\"><div class=\"fusion-gallery-image\"><a href=\"https:\/\/www.ericaturizam.hr\/wp-content\/uploads\/2019\/05\/Holiday-Mobile-Homes-Park-Riviera_Mobilne-ku\u0107ice-s-2-spava\u0107e-sobe-i-terasom08.jpg\" rel=\"noreferrer\" data-rel=\"iLightbox[gallery_image_1]\" class=\"fusion-lightbox\" target=\"_self\"><img decoding=\"async\" src=\"https:\/\/www.ericaturizam.hr\/wp-content\/uploads\/2019\/05\/Holiday-Mobile-Homes-Park-Riviera_Mobilne-ku\u0107ice-s-2-spava\u0107e-sobe-i-terasom08.jpg\" width=\"1024\" height=\"576\" alt=\"\" title=\"Holiday Mobile Homes Park Riviera_Mobilne ku\u0107ice s 2 spava\u0107e sobe i terasom08\" aria-label=\"Holiday Mobile Homes Park Riviera_Mobilne ku\u0107ice s 2 spava\u0107e sobe i terasom08\" class=\"img-responsive wp-image-4004\" srcset=\"https:\/\/www.ericaturizam.hr\/wp-content\/uploads\/2019\/05\/Holiday-Mobile-Homes-Park-Riviera_Mobilne-ku\u0107ice-s-2-spava\u0107e-sobe-i-terasom08-200x113.jpg 200w, https:\/\/www.ericaturizam.hr\/wp-content\/uploads\/2019\/05\/Holiday-Mobile-Homes-Park-Riviera_Mobilne-ku\u0107ice-s-2-spava\u0107e-sobe-i-terasom08-400x225.jpg 400w, https:\/\/www.ericaturizam.hr\/wp-content\/uploads\/2019\/05\/Holiday-Mobile-Homes-Park-Riviera_Mobilne-ku\u0107ice-s-2-spava\u0107e-sobe-i-terasom08-600x338.jpg 600w, https:\/\/www.ericaturizam.hr\/wp-content\/uploads\/2019\/05\/Holiday-Mobile-Homes-Park-Riviera_Mobilne-ku\u0107ice-s-2-spava\u0107e-sobe-i-terasom08-800x450.jpg 800w, https:\/\/www.ericaturizam.hr\/wp-content\/uploads\/2019\/05\/Holiday-Mobile-Homes-Park-Riviera_Mobilne-ku\u0107ice-s-2-spava\u0107e-sobe-i-terasom08.jpg 1024w\" sizes=\"(min-width: 2200px) 100vw, (min-width: 1220px) 285px, (min-width: 1129px) 380px, (min-width: 1037px) 570px, (min-width: 945px) 1037px, \" \/><\/a><\/div><\/div><\/div><\/div><div class=\"fusion-sep-clear\"><\/div><div class=\"fusion-separator fusion-full-width-sep\" style=\"margin-left: auto;margin-right: auto;margin-top:13px;margin-bottom:13px;width:100%;\"><\/div><div class=\"fusion-sep-clear\"><\/div><div class=\"fusion-clearfix\"><\/div><\/div><\/div><\/div><\/div><div class=\"fusion-fullwidth fullwidth-box fusion-builder-row-2 has-pattern-background has-mask-background nonhundred-percent-fullwidth non-hundred-percent-height-scrolling\" style=\"--awb-background-position:center top;--awb-border-sizes-top:0px;--awb-border-sizes-bottom:0px;--awb-border-sizes-left:0px;--awb-border-sizes-right:0px;--awb-border-radius-top-left:0px;--awb-border-radius-top-right:0px;--awb-border-radius-bottom-right:0px;--awb-border-radius-bottom-left:0px;--awb-padding-top:10px;--awb-padding-right:30px;--awb-padding-bottom:30px;--awb-padding-left:30px;--awb-margin-top:0px;--awb-background-color:#f4f4f4;--awb-flex-wrap:wrap;\" ><div class=\"fusion-builder-row fusion-row\"><div class=\"fusion-layout-column fusion_builder_column fusion-builder-column-6 fusion_builder_column_1_1 1_1 fusion-one-full fusion-column-first fusion-column-last\" style=\"--awb-padding-bottom:0px;--awb-bg-size:cover;--awb-margin-bottom:0px;\" data-scroll-devices=\"small-visibility,medium-visibility,large-visibility\"><div class=\"fusion-column-wrapper fusion-column-has-shadow fusion-flex-column-wrapper-legacy\"><div class=\"fusion-text fusion-text-2\"><p style=\"text-align: center;\"><span style=\"font-size: 22pt; color: #cbaa5c;\"><strong>RESERVIRUNG:<br \/>\n<\/strong><\/span>Sprechen Sie direkt mit unserem Berater an: <strong><span style=\"color: #caa961;\">+385 98 9134334<\/span><\/strong>. <em>Bis zu 30 Tage vor der Anreise k\u00f6nnen Sie <\/em><span style=\"color: #caa961;\"><strong><em>kostenfrei<br \/>\n<\/em><\/strong><\/span><em>stornieren. Bei einer Stornierung in den 30 Tagen vor der Anreise zahlen Sie<strong>\u00a0<\/strong> <\/em><span style=\"color: #caa961;\"><strong><em>50%<\/em><\/strong><\/span><em> des Gesamtpreises.<\/em><\/p>\n<\/div><div class=\"fusion-aligncenter\"><a class=\"fusion-button button-flat button-xlarge button-default fusion-button-default button-2 fusion-button-default-span fusion-button-default-type\" style=\"--button_margin-top:20px;--button_margin-right:20px;--button_margin-bottom:20px;--button_margin-left:20px;\" target=\"lightbox\" rel=\"iLightbox\" href=\"https:\/\/booking.rentl.io\/de\/22276\/6f817218-590c-4f37-a0cd-4eacdcc2ccd1\"><i class=\"fa-bed fas awb-button__icon awb-button__icon--default button-icon-left\" aria-hidden=\"true\"><\/i><span class=\"fusion-button-text awb-button__text awb-button__text--default\">Buch<\/span><\/a><\/div><div class=\"fusion-sep-clear\"><\/div><div class=\"fusion-separator fusion-full-width-sep\" style=\"margin-left: auto;margin-right: auto;margin-top:13px;margin-bottom:13px;width:100%;\"><div class=\"fusion-separator-border sep-single sep-solid\" style=\"--awb-height:20px;--awb-amount:20px;border-color:#e0dede;border-top-width:1px;\"><\/div><\/div><div class=\"fusion-sep-clear\"><\/div><div class=\"fusion-clearfix\"><\/div><\/div><\/div><div class=\"fusion-layout-column fusion_builder_column fusion-builder-column-7 fusion_builder_column_1_4 1_4 fusion-one-fourth fusion-column-first fusion-column-no-min-height\" style=\"--awb-bg-size:cover;--awb-margin-bottom:0px;width:22%; margin-right: 4%;\"><div class=\"fusion-column-wrapper fusion-flex-column-wrapper-legacy\"><div class=\"fusion-sep-clear\"><\/div><div class=\"fusion-separator fusion-full-width-sep\" style=\"margin-left: auto;margin-right: auto;margin-top:13px;margin-bottom:13px;width:100%;\"><\/div><div class=\"fusion-sep-clear\"><\/div><ul style=\"--awb-iconcolor:#cbaa5c;--awb-line-height:23.8px;--awb-icon-width:23.8px;--awb-icon-height:23.8px;--awb-icon-margin:9.8px;--awb-content-margin:33.6px;\" class=\"fusion-checklist fusion-checklist-5 fusion-checklist-default type-icons\"><li class=\"fusion-li-item\" style=\"\"><span class=\"icon-wrapper circle-no\"><i class=\"fusion-li-icon fa-check-circle far\" aria-hidden=\"true\"><\/i><\/span><div class=\"fusion-li-item-content\">\n<p>Check-in: 16.00 bis 20.00 Uhr<br \/>\nCheck-out: 8.00 bis 10.00 Uhr<\/p>\n<\/div><\/li><\/ul><div class=\"fusion-clearfix\"><\/div><\/div><\/div><div class=\"fusion-layout-column fusion_builder_column fusion-builder-column-8 fusion_builder_column_1_4 1_4 fusion-one-fourth fusion-column-no-min-height\" style=\"--awb-bg-size:cover;--awb-margin-bottom:0px;width:22%; margin-right: 4%;\"><div class=\"fusion-column-wrapper fusion-flex-column-wrapper-legacy\"><div class=\"fusion-sep-clear\"><\/div><div class=\"fusion-separator fusion-full-width-sep\" style=\"margin-left: auto;margin-right: auto;margin-top:13px;margin-bottom:13px;width:100%;\"><\/div><div class=\"fusion-sep-clear\"><\/div><ul style=\"--awb-iconcolor:#cbaa5c;--awb-line-height:23.8px;--awb-icon-width:23.8px;--awb-icon-height:23.8px;--awb-icon-margin:9.8px;--awb-content-margin:33.6px;\" class=\"fusion-checklist fusion-checklist-6 fusion-checklist-default type-icons\"><li class=\"fusion-li-item\" style=\"\"><span class=\"icon-wrapper circle-no\"><i class=\"fusion-li-icon fa-check-circle far\" aria-hidden=\"true\"><\/i><\/span><div class=\"fusion-li-item-content\">\n<p>Haustiere sind willkommen (zus\u00e4tzliche Kosten m\u00f6glich).<\/p>\n<\/div><\/li><\/ul><div class=\"fusion-clearfix\"><\/div><\/div><\/div><div class=\"fusion-layout-column fusion_builder_column fusion-builder-column-9 fusion_builder_column_1_4 1_4 fusion-one-fourth fusion-column-no-min-height\" style=\"--awb-bg-size:cover;--awb-margin-bottom:0px;width:22%; margin-right: 4%;\"><div class=\"fusion-column-wrapper fusion-flex-column-wrapper-legacy\"><div class=\"fusion-sep-clear\"><\/div><div class=\"fusion-separator fusion-full-width-sep\" style=\"margin-left: auto;margin-right: auto;margin-top:13px;margin-bottom:13px;width:100%;\"><\/div><div class=\"fusion-sep-clear\"><\/div><ul style=\"--awb-iconcolor:#cbaa5c;--awb-line-height:23.8px;--awb-icon-width:23.8px;--awb-icon-height:23.8px;--awb-icon-margin:9.8px;--awb-content-margin:33.6px;\" class=\"fusion-checklist fusion-checklist-7 fusion-checklist-default type-icons\"><li class=\"fusion-li-item\" style=\"\"><span class=\"icon-wrapper circle-no\"><i class=\"fusion-li-icon fa-check-circle far\" aria-hidden=\"true\"><\/i><\/span><div class=\"fusion-li-item-content\">\n<p>Wir bieten auch folgenden Service an: Vermietung von Bettw\u00e4sche und Handt\u00fcchern.<\/p>\n<\/div><\/li><\/ul><div class=\"fusion-clearfix\"><\/div><\/div><\/div><div class=\"fusion-layout-column fusion_builder_column fusion-builder-column-10 fusion_builder_column_1_4 1_4 fusion-one-fourth fusion-column-last fusion-column-no-min-height\" style=\"--awb-bg-size:cover;--awb-margin-bottom:0px;width:22%;\"><div class=\"fusion-column-wrapper fusion-flex-column-wrapper-legacy\"><div class=\"fusion-sep-clear\"><\/div><div class=\"fusion-separator fusion-full-width-sep\" style=\"margin-left: auto;margin-right: auto;margin-top:13px;margin-bottom:13px;width:100%;\"><\/div><div class=\"fusion-sep-clear\"><\/div><ul style=\"--awb-iconcolor:#cbaa5c;--awb-line-height:23.8px;--awb-icon-width:23.8px;--awb-icon-height:23.8px;--awb-icon-margin:9.8px;--awb-content-margin:33.6px;\" class=\"fusion-checklist fusion-checklist-8 fusion-checklist-default type-icons\"><li class=\"fusion-li-item\" style=\"\"><span class=\"icon-wrapper circle-no\"><i class=\"fusion-li-icon fa-check-circle far\" aria-hidden=\"true\"><\/i><\/span><div class=\"fusion-li-item-content\">\n<p>Reinigungskosten:<br \/>\n49 eur<\/p>\n<\/div><\/li><\/ul><div class=\"fusion-clearfix\"><\/div><\/div><\/div><\/div><\/div><div class=\"fusion-fullwidth fullwidth-box fusion-builder-row-3 nonhundred-percent-fullwidth non-hundred-percent-height-scrolling\" style=\"--awb-background-position:center top;--awb-border-sizes-top:0px;--awb-border-sizes-bottom:0px;--awb-border-sizes-left:0px;--awb-border-sizes-right:0px;--awb-border-radius-top-left:0px;--awb-border-radius-top-right:0px;--awb-border-radius-bottom-right:0px;--awb-border-radius-bottom-left:0px;--awb-padding-top:10px;--awb-padding-right:30px;--awb-padding-bottom:10px;--awb-padding-left:30px;--awb-background-color:#f4f4f4;--awb-flex-wrap:wrap;\" ><div class=\"fusion-builder-row fusion-row\"><div class=\"fusion-layout-column fusion_builder_column fusion-builder-column-11 fusion_builder_column_1_1 1_1 fusion-one-full fusion-column-first fusion-column-last fusion-column-no-min-height\" style=\"--awb-bg-size:cover;--awb-margin-bottom:0px;\"><div class=\"fusion-column-wrapper fusion-flex-column-wrapper-legacy\"><div class=\"fusion-sep-clear\"><\/div><div class=\"fusion-separator fusion-full-width-sep\" style=\"margin-left: auto;margin-right: auto;margin-top:13px;margin-bottom:13px;width:100%;\"><\/div><div class=\"fusion-sep-clear\"><\/div><div class=\"fusion-text fusion-text-3\"><h1 class=\"fusion-responsive-typography-calculated\" style=\"text-align: center;\" data-fontsize=\"46\" data-lineheight=\"51.060001px\">Inhalt<\/h1>\n<\/div><div class=\"fusion-sep-clear\"><\/div><div class=\"fusion-separator\" style=\"margin-left: auto;margin-right: auto;margin-top:0px;margin-bottom:60px;width:100%;max-width:50px;\"><div class=\"fusion-separator-border sep-single sep-solid\" style=\"--awb-height:20px;--awb-amount:20px;--awb-sep-color:#cbaa5c;border-color:#cbaa5c;border-top-width:1px;\"><\/div><\/div><div class=\"fusion-sep-clear\"><\/div><div class=\"fusion-clearfix\"><\/div><\/div><\/div><div class=\"fusion-layout-column fusion_builder_column fusion-builder-column-12 fusion_builder_column_1_4 1_4 fusion-one-fourth fusion-column-first\" style=\"--awb-bg-size:cover;width:22%; margin-right: 4%;\"><div class=\"fusion-column-wrapper fusion-flex-column-wrapper-legacy\"><ul style=\"--awb-iconcolor:#cbaa5c;--awb-line-height:23.8px;--awb-icon-width:23.8px;--awb-icon-height:23.8px;--awb-icon-margin:9.8px;--awb-content-margin:33.6px;\" class=\"fusion-checklist fusion-checklist-9 fusion-checklist-default type-icons\"><li class=\"fusion-li-item\" style=\"\"><span class=\"icon-wrapper circle-no\"><i class=\"fusion-li-icon fa-check-circle far\" aria-hidden=\"true\"><\/i><\/span><div class=\"fusion-li-item-content\">\n<p>Mobilheim von einer Oberfl\u00e4che von 35 m\u00b2<\/p>\n<\/div><\/li><li class=\"fusion-li-item\" style=\"\"><span class=\"icon-wrapper circle-no\"><i class=\"fusion-li-icon fa-check-circle far\" aria-hidden=\"true\"><\/i><\/span><div class=\"fusion-li-item-content\">\n<p>1 Zimmer mit einem Doppelbett<\/p>\n<\/div><\/li><li class=\"fusion-li-item\" style=\"\"><span class=\"icon-wrapper circle-no\"><i class=\"fusion-li-icon fa-check-circle far\" aria-hidden=\"true\"><\/i><\/span><div class=\"fusion-li-item-content\">\n<p>1 Zimmer mit 2 Betten<\/p>\n<\/div><\/li><li class=\"fusion-li-item\" style=\"\"><span class=\"icon-wrapper circle-no\"><i class=\"fusion-li-icon fa-check-circle far\" aria-hidden=\"true\"><\/i><\/span><div class=\"fusion-li-item-content\">\n<p>ger\u00e4umige, \u00fcberdachte Terrasse von einer Fl\u00e4che von 26 m\u00b2 mit Liegestuhls<\/p>\n<\/div><\/li><li class=\"fusion-li-item\" style=\"\"><span class=\"icon-wrapper circle-no\"><i class=\"fusion-li-icon fa-check-circle far\" aria-hidden=\"true\"><\/i><\/span><div class=\"fusion-li-item-content\">\n<p>2 Badezimmer mit Duschen<\/p>\n<\/div><\/li><\/ul><div class=\"fusion-clearfix\"><\/div><\/div><\/div><div class=\"fusion-layout-column fusion_builder_column fusion-builder-column-13 fusion_builder_column_1_4 1_4 fusion-one-fourth\" style=\"--awb-bg-size:cover;width:22%; margin-right: 4%;\"><div class=\"fusion-column-wrapper fusion-flex-column-wrapper-legacy\"><ul style=\"--awb-iconcolor:#cbaa5c;--awb-line-height:23.8px;--awb-icon-width:23.8px;--awb-icon-height:23.8px;--awb-icon-margin:9.8px;--awb-content-margin:33.6px;\" class=\"fusion-checklist fusion-checklist-10 fusion-checklist-default type-icons\"><li class=\"fusion-li-item\" style=\"\"><span class=\"icon-wrapper circle-no\"><i class=\"fusion-li-icon fa-check-circle far\" aria-hidden=\"true\"><\/i><\/span><div class=\"fusion-li-item-content\">\n<p>Wohnzimmer mit St\u00fchlen und einem Esstisch<\/p>\n<\/div><\/li><li class=\"fusion-li-item\" style=\"\"><span class=\"icon-wrapper circle-no\"><i class=\"fusion-li-icon fa-check-circle far\" aria-hidden=\"true\"><\/i><\/span><div class=\"fusion-li-item-content\">\n<p>voll ausgestattete K\u00fcche<\/p>\n<\/div><\/li><li class=\"fusion-li-item\" style=\"\"><span class=\"icon-wrapper circle-no\"><i class=\"fusion-li-icon fa-check-circle far\" aria-hidden=\"true\"><\/i><\/span><div class=\"fusion-li-item-content\">\n<p>K\u00fchlschrank (240 l) mit Gefrierfach<\/p>\n<\/div><\/li><li class=\"fusion-li-item\" style=\"\"><span class=\"icon-wrapper circle-no\"><i class=\"fusion-li-icon fa-check-circle far\" aria-hidden=\"true\"><\/i><\/span><div class=\"fusion-li-item-content\">\n<p>Mikrowelle<\/p>\n<\/div><\/li><li class=\"fusion-li-item\" style=\"\"><span class=\"icon-wrapper circle-no\"><i class=\"fusion-li-icon fa-check-circle far\" aria-hidden=\"true\"><\/i><\/span><div class=\"fusion-li-item-content\">\n<p>Kaffeemaschine<\/p>\n<\/div><\/li><\/ul><div class=\"fusion-clearfix\"><\/div><\/div><\/div><div class=\"fusion-layout-column fusion_builder_column fusion-builder-column-14 fusion_builder_column_1_4 1_4 fusion-one-fourth\" style=\"--awb-bg-size:cover;width:22%; margin-right: 4%;\"><div class=\"fusion-column-wrapper fusion-flex-column-wrapper-legacy\"><ul style=\"--awb-iconcolor:#cbaa5c;--awb-line-height:23.8px;--awb-icon-width:23.8px;--awb-icon-height:23.8px;--awb-icon-margin:9.8px;--awb-content-margin:33.6px;\" class=\"fusion-checklist fusion-checklist-11 fusion-checklist-default type-icons\"><li class=\"fusion-li-item\" style=\"\"><span class=\"icon-wrapper circle-no\"><i class=\"fusion-li-icon fa-check-circle far\" aria-hidden=\"true\"><\/i><\/span><div class=\"fusion-li-item-content\">\n<p>Wasserkocher<\/p>\n<\/div><\/li><li class=\"fusion-li-item\" style=\"\"><span class=\"icon-wrapper circle-no\"><i class=\"fusion-li-icon fa-check-circle far\" aria-hidden=\"true\"><\/i><\/span><div class=\"fusion-li-item-content\">\n<p>Geschirrsp\u00fcler<\/p>\n<\/div><\/li><li class=\"fusion-li-item\" style=\"\"><span class=\"icon-wrapper circle-no\"><i class=\"fusion-li-icon fa-check-circle far\" aria-hidden=\"true\"><\/i><\/span><div class=\"fusion-li-item-content\">\n<p>W\u00e4schest\u00e4nder<\/p>\n<\/div><\/li><li class=\"fusion-li-item\" style=\"\"><span class=\"icon-wrapper circle-no\"><i class=\"fusion-li-icon fa-check-circle far\" aria-hidden=\"true\"><\/i><\/span><div class=\"fusion-li-item-content\">\n<p>Kissen und Bettdecken<\/p>\n<\/div><\/li><\/ul><div class=\"fusion-clearfix\"><\/div><\/div><\/div><div class=\"fusion-layout-column fusion_builder_column fusion-builder-column-15 fusion_builder_column_1_4 1_4 fusion-one-fourth fusion-column-last\" style=\"--awb-bg-size:cover;width:22%;\"><div class=\"fusion-column-wrapper fusion-flex-column-wrapper-legacy\"><ul style=\"--awb-iconcolor:#cbaa5c;--awb-line-height:23.8px;--awb-icon-width:23.8px;--awb-icon-height:23.8px;--awb-icon-margin:9.8px;--awb-content-margin:33.6px;\" class=\"fusion-checklist fusion-checklist-12 fusion-checklist-default type-icons\"><li class=\"fusion-li-item\" style=\"\"><span class=\"icon-wrapper circle-no\"><i class=\"fusion-li-icon fa-check-circle far\" aria-hidden=\"true\"><\/i><\/span><div class=\"fusion-li-item-content\">\n<p>Insektenschutzmatten an allen Fenstern<\/p>\n<\/div><\/li><li class=\"fusion-li-item\" style=\"\"><span class=\"icon-wrapper circle-no\"><i class=\"fusion-li-icon fa-check-circle far\" aria-hidden=\"true\"><\/i><\/span><div class=\"fusion-li-item-content\">\n<p>Klimaanlage<\/p>\n<\/div><\/li><li class=\"fusion-li-item\" style=\"\"><span class=\"icon-wrapper circle-no\"><i class=\"fusion-li-icon fa-check-circle far\" aria-hidden=\"true\"><\/i><\/span><div class=\"fusion-li-item-content\">\n<p>W-lan<\/p>\n<\/div><\/li><li class=\"fusion-li-item\" style=\"\"><span class=\"icon-wrapper circle-no\"><i class=\"fusion-li-icon fa-check-circle far\" aria-hidden=\"true\"><\/i><\/span><div class=\"fusion-li-item-content\">\n<p>LED SAT TV<\/p>\n<\/div><\/li><li class=\"fusion-li-item\" style=\"\"><span class=\"icon-wrapper circle-no\"><i class=\"fusion-li-icon fa-check-circle far\" aria-hidden=\"true\"><\/i><\/span><div class=\"fusion-li-item-content\">\n<p>Parkplatz<\/p>\n<\/div><\/li><\/ul><div class=\"fusion-clearfix\"><\/div><\/div><\/div><\/div><\/div><div class=\"fusion-fullwidth fullwidth-box fusion-builder-row-4 fusion-flex-container has-pattern-background has-mask-background fusion-parallax-none nonhundred-percent-fullwidth non-hundred-percent-height-scrolling\" style=\"--awb-border-radius-top-left:0px;--awb-border-radius-top-right:0px;--awb-border-radius-bottom-right:0px;--awb-border-radius-bottom-left:0px;--awb-padding-top:100px;--awb-padding-bottom:100px;--awb-margin-bottom:0px;--awb-background-image:url(&quot;https:\/\/www.ericaturizam.hr\/wp-content\/uploads\/2024\/02\/01-Park-Umag-resize.jpg&quot;);--awb-background-size:cover;--awb-flex-wrap:wrap;\" ><div class=\"fusion-builder-row fusion-row fusion-flex-align-items-center fusion-flex-justify-content-center fusion-flex-content-wrap\" style=\"max-width:1216.8px;margin-left: calc(-4% \/ 2 );margin-right: calc(-4% \/ 2 );\"><div class=\"fusion-layout-column fusion_builder_column fusion-builder-column-16 fusion_builder_column_1_3 1_3 fusion-flex-column\" style=\"--awb-padding-top:50px;--awb-padding-bottom:50px;--awb-bg-size:cover;--awb-width-large:33.333333333333%;--awb-margin-top-large:0px;--awb-spacing-right-large:5.76%;--awb-margin-bottom-large:20px;--awb-spacing-left-large:5.76%;--awb-width-medium:100%;--awb-order-medium:0;--awb-spacing-right-medium:1.92%;--awb-spacing-left-medium:1.92%;--awb-width-small:100%;--awb-order-small:0;--awb-spacing-right-small:1.92%;--awb-spacing-left-small:1.92%;\" data-scroll-devices=\"small-visibility,medium-visibility,large-visibility\"><div class=\"fusion-column-wrapper fusion-column-has-shadow fusion-flex-justify-content-flex-start fusion-content-layout-column\"><div class=\"fusion-image-element \" style=\"text-align:center;--awb-liftup-border-radius:0px;--awb-caption-title-font-family:var(--h2_typography-font-family);--awb-caption-title-font-weight:var(--h2_typography-font-weight);--awb-caption-title-font-style:var(--h2_typography-font-style);--awb-caption-title-size:var(--h2_typography-font-size);--awb-caption-title-transform:var(--h2_typography-text-transform);--awb-caption-title-line-height:var(--h2_typography-line-height);--awb-caption-title-letter-spacing:var(--h2_typography-letter-spacing);\"><div class=\"awb-image-frame awb-image-frame-1 imageframe-liftup\" style=\"max-width:250px;\"><span class=\" fusion-imageframe imageframe-none imageframe-1\"><a class=\"fusion-no-lightbox\" href=\"https:\/\/www.ericaturizam.hr\/de\/park-umag-novo\/\" target=\"_self\" aria-label=\"Camping_park_logo\"><img decoding=\"async\" width=\"1220\" height=\"719\" src=\"https:\/\/www.ericaturizam.hr\/wp-content\/uploads\/2024\/02\/Camping_park_logo.jpg\" alt class=\"img-responsive wp-image-5506\" srcset=\"https:\/\/www.ericaturizam.hr\/wp-content\/uploads\/2024\/02\/Camping_park_logo-200x118.jpg 200w, https:\/\/www.ericaturizam.hr\/wp-content\/uploads\/2024\/02\/Camping_park_logo-400x236.jpg 400w, https:\/\/www.ericaturizam.hr\/wp-content\/uploads\/2024\/02\/Camping_park_logo-600x354.jpg 600w, https:\/\/www.ericaturizam.hr\/wp-content\/uploads\/2024\/02\/Camping_park_logo-800x471.jpg 800w, https:\/\/www.ericaturizam.hr\/wp-content\/uploads\/2024\/02\/Camping_park_logo-1200x707.jpg 1200w, https:\/\/www.ericaturizam.hr\/wp-content\/uploads\/2024\/02\/Camping_park_logo.jpg 1220w\" sizes=\"(max-width: 1024px) 100vw, (max-width: 640px) 100vw, 400px\" \/><\/a><\/span><\/div><\/div><div style=\"text-align:center;\"><a class=\"fusion-button button-flat button-xlarge button-custom fusion-button-default button-3 fusion-button-default-span fusion-button-default-type\" style=\"--button_accent_color:#ffffff;--button_accent_hover_color:#ffffff;--button_border_hover_color:#ffffff;--button_gradient_top_color:#5cc0b0;--button_gradient_bottom_color:#5cc0b0;--button_gradient_top_color_hover:#bc9c50;--button_gradient_bottom_color_hover:#bc9c50;--button_margin-top:30px;\" target=\"_self\" data-hover=\"text_slide_up\" href=\"https:\/\/www.ericaturizam.hr\/de\/park-umag-novo\/\"><div class=\"awb-button-text-transition \"><span class=\"fusion-button-text awb-button__text awb-button__text--default\">SIEH DIR DAS CAMP<\/span><span class=\"fusion-button-text awb-button__text awb-button__text--default\">SIEH DIR DAS CAMP<\/span><\/div><i class=\"fa-arrow-right fas awb-button__icon awb-button__icon--default button-icon-right\" aria-hidden=\"true\"><\/i><\/a><\/div><\/div><\/div><\/div><\/div>\n<\/p>\n","protected":false},"excerpt":{"rendered":"<p>Ein Leben in Zusammenarbeit mit der Natur<\/p>\n","protected":false},"author":1,"featured_media":5936,"comment_status":"closed","ping_status":"closed","sticky":false,"template":"","format":"standard","meta":{"_acf_changed":false,"footnotes":""},"categories":[68,25],"tags":[],"class_list":["post-5935","post","type-post","status-publish","format-standard","has-post-thumbnail","hentry","category-kamp-park-riviera-de","category-unkategorisiert"],"acf":[],"yoast_head":"<!-- This site is optimized with the Yoast SEO plugin v27.3 - https:\/\/yoast.com\/product\/yoast-seo-wordpress\/ -->\n<title>Park Riviera 2 Zimmer - Erica turizam<\/title>\n<meta name=\"robots\" content=\"index, follow, max-snippet:-1, max-image-preview:large, max-video-preview:-1\" \/>\n<link rel=\"canonical\" href=\"https:\/\/www.ericaturizam.hr\/de\/park-riviera-2-zimmer-neu\/\" \/>\n<meta property=\"og:locale\" content=\"de_DE\" \/>\n<meta property=\"og:type\" content=\"article\" \/>\n<meta property=\"og:title\" content=\"Park Riviera 2 Zimmer - Erica turizam\" \/>\n<meta property=\"og:description\" content=\"Ein Leben in Zusammenarbeit mit der Natur\" \/>\n<meta property=\"og:url\" content=\"https:\/\/www.ericaturizam.hr\/de\/park-riviera-2-zimmer-neu\/\" \/>\n<meta property=\"og:site_name\" content=\"Erica turizam\" \/>\n<meta property=\"article:published_time\" content=\"2024-03-01T10:57:16+00:00\" \/>\n<meta property=\"article:modified_time\" content=\"2025-07-28T08:14:21+00:00\" \/>\n<meta property=\"og:image\" content=\"https:\/\/www.ericaturizam.hr\/wp-content\/uploads\/2018\/05\/Park_Riviera_2_resize.jpg\" \/>\n\t<meta property=\"og:image:width\" content=\"1920\" \/>\n\t<meta property=\"og:image:height\" content=\"1282\" \/>\n\t<meta property=\"og:image:type\" content=\"image\/jpeg\" \/>\n<meta name=\"author\" content=\"swebart\" \/>\n<meta name=\"twitter:card\" content=\"summary_large_image\" \/>\n<meta name=\"twitter:label1\" content=\"Verfasst von\" \/>\n\t<meta name=\"twitter:data1\" content=\"swebart\" \/>\n\t<meta name=\"twitter:label2\" content=\"Gesch\u00e4tzte Lesezeit\" \/>\n\t<meta name=\"twitter:data2\" content=\"6\u00a0Minuten\" \/>\n<script type=\"application\/ld+json\" class=\"yoast-schema-graph\">{\"@context\":\"https:\\\/\\\/schema.org\",\"@graph\":[{\"@type\":\"Article\",\"@id\":\"https:\\\/\\\/www.ericaturizam.hr\\\/de\\\/park-riviera-2-zimmer-neu\\\/#article\",\"isPartOf\":{\"@id\":\"https:\\\/\\\/www.ericaturizam.hr\\\/de\\\/park-riviera-2-zimmer-neu\\\/\"},\"author\":{\"name\":\"swebart\",\"@id\":\"https:\\\/\\\/www.ericaturizam.hr\\\/hr\\\/#\\\/schema\\\/person\\\/b08d6d0bba5338c976bfc8a34a227aae\"},\"headline\":\"Park Riviera 2 Zimmer\",\"datePublished\":\"2024-03-01T10:57:16+00:00\",\"dateModified\":\"2025-07-28T08:14:21+00:00\",\"mainEntityOfPage\":{\"@id\":\"https:\\\/\\\/www.ericaturizam.hr\\\/de\\\/park-riviera-2-zimmer-neu\\\/\"},\"wordCount\":5871,\"image\":{\"@id\":\"https:\\\/\\\/www.ericaturizam.hr\\\/de\\\/park-riviera-2-zimmer-neu\\\/#primaryimage\"},\"thumbnailUrl\":\"https:\\\/\\\/www.ericaturizam.hr\\\/wp-content\\\/uploads\\\/2018\\\/05\\\/Park_Riviera_2_resize.jpg\",\"articleSection\":[\"Kamp Park Riviera - de\",\"Unkategorisiert\"],\"inLanguage\":\"de\"},{\"@type\":\"WebPage\",\"@id\":\"https:\\\/\\\/www.ericaturizam.hr\\\/de\\\/park-riviera-2-zimmer-neu\\\/\",\"url\":\"https:\\\/\\\/www.ericaturizam.hr\\\/de\\\/park-riviera-2-zimmer-neu\\\/\",\"name\":\"Park Riviera 2 Zimmer - Erica turizam\",\"isPartOf\":{\"@id\":\"https:\\\/\\\/www.ericaturizam.hr\\\/hr\\\/#website\"},\"primaryImageOfPage\":{\"@id\":\"https:\\\/\\\/www.ericaturizam.hr\\\/de\\\/park-riviera-2-zimmer-neu\\\/#primaryimage\"},\"image\":{\"@id\":\"https:\\\/\\\/www.ericaturizam.hr\\\/de\\\/park-riviera-2-zimmer-neu\\\/#primaryimage\"},\"thumbnailUrl\":\"https:\\\/\\\/www.ericaturizam.hr\\\/wp-content\\\/uploads\\\/2018\\\/05\\\/Park_Riviera_2_resize.jpg\",\"datePublished\":\"2024-03-01T10:57:16+00:00\",\"dateModified\":\"2025-07-28T08:14:21+00:00\",\"author\":{\"@id\":\"https:\\\/\\\/www.ericaturizam.hr\\\/hr\\\/#\\\/schema\\\/person\\\/b08d6d0bba5338c976bfc8a34a227aae\"},\"breadcrumb\":{\"@id\":\"https:\\\/\\\/www.ericaturizam.hr\\\/de\\\/park-riviera-2-zimmer-neu\\\/#breadcrumb\"},\"inLanguage\":\"de\",\"potentialAction\":[{\"@type\":\"ReadAction\",\"target\":[\"https:\\\/\\\/www.ericaturizam.hr\\\/de\\\/park-riviera-2-zimmer-neu\\\/\"]}]},{\"@type\":\"ImageObject\",\"inLanguage\":\"de\",\"@id\":\"https:\\\/\\\/www.ericaturizam.hr\\\/de\\\/park-riviera-2-zimmer-neu\\\/#primaryimage\",\"url\":\"https:\\\/\\\/www.ericaturizam.hr\\\/wp-content\\\/uploads\\\/2018\\\/05\\\/Park_Riviera_2_resize.jpg\",\"contentUrl\":\"https:\\\/\\\/www.ericaturizam.hr\\\/wp-content\\\/uploads\\\/2018\\\/05\\\/Park_Riviera_2_resize.jpg\",\"width\":1920,\"height\":1282},{\"@type\":\"BreadcrumbList\",\"@id\":\"https:\\\/\\\/www.ericaturizam.hr\\\/de\\\/park-riviera-2-zimmer-neu\\\/#breadcrumb\",\"itemListElement\":[{\"@type\":\"ListItem\",\"position\":1,\"name\":\"Po\u010detna stranica\",\"item\":\"https:\\\/\\\/www.ericaturizam.hr\\\/de\\\/\"},{\"@type\":\"ListItem\",\"position\":2,\"name\":\"Park Riviera 2 Zimmer\"}]},{\"@type\":\"WebSite\",\"@id\":\"https:\\\/\\\/www.ericaturizam.hr\\\/hr\\\/#website\",\"url\":\"https:\\\/\\\/www.ericaturizam.hr\\\/hr\\\/\",\"name\":\"Erica turizam\",\"description\":\"apartments &amp; holiday mobile homes\",\"potentialAction\":[{\"@type\":\"SearchAction\",\"target\":{\"@type\":\"EntryPoint\",\"urlTemplate\":\"https:\\\/\\\/www.ericaturizam.hr\\\/hr\\\/?s={search_term_string}\"},\"query-input\":{\"@type\":\"PropertyValueSpecification\",\"valueRequired\":true,\"valueName\":\"search_term_string\"}}],\"inLanguage\":\"de\"},{\"@type\":\"Person\",\"@id\":\"https:\\\/\\\/www.ericaturizam.hr\\\/hr\\\/#\\\/schema\\\/person\\\/b08d6d0bba5338c976bfc8a34a227aae\",\"name\":\"swebart\",\"url\":\"https:\\\/\\\/www.ericaturizam.hr\\\/de\\\/author\\\/swebart\\\/\"}]}<\/script>\n<!-- \/ Yoast SEO plugin. -->","yoast_head_json":{"title":"Park Riviera 2 Zimmer - Erica turizam","robots":{"index":"index","follow":"follow","max-snippet":"max-snippet:-1","max-image-preview":"max-image-preview:large","max-video-preview":"max-video-preview:-1"},"canonical":"https:\/\/www.ericaturizam.hr\/de\/park-riviera-2-zimmer-neu\/","og_locale":"de_DE","og_type":"article","og_title":"Park Riviera 2 Zimmer - Erica turizam","og_description":"Ein Leben in Zusammenarbeit mit der Natur","og_url":"https:\/\/www.ericaturizam.hr\/de\/park-riviera-2-zimmer-neu\/","og_site_name":"Erica turizam","article_published_time":"2024-03-01T10:57:16+00:00","article_modified_time":"2025-07-28T08:14:21+00:00","og_image":[{"width":1920,"height":1282,"url":"https:\/\/www.ericaturizam.hr\/wp-content\/uploads\/2018\/05\/Park_Riviera_2_resize.jpg","type":"image\/jpeg"}],"author":"swebart","twitter_card":"summary_large_image","twitter_misc":{"Verfasst von":"swebart","Gesch\u00e4tzte Lesezeit":"6\u00a0Minuten"},"schema":{"@context":"https:\/\/schema.org","@graph":[{"@type":"Article","@id":"https:\/\/www.ericaturizam.hr\/de\/park-riviera-2-zimmer-neu\/#article","isPartOf":{"@id":"https:\/\/www.ericaturizam.hr\/de\/park-riviera-2-zimmer-neu\/"},"author":{"name":"swebart","@id":"https:\/\/www.ericaturizam.hr\/hr\/#\/schema\/person\/b08d6d0bba5338c976bfc8a34a227aae"},"headline":"Park Riviera 2 Zimmer","datePublished":"2024-03-01T10:57:16+00:00","dateModified":"2025-07-28T08:14:21+00:00","mainEntityOfPage":{"@id":"https:\/\/www.ericaturizam.hr\/de\/park-riviera-2-zimmer-neu\/"},"wordCount":5871,"image":{"@id":"https:\/\/www.ericaturizam.hr\/de\/park-riviera-2-zimmer-neu\/#primaryimage"},"thumbnailUrl":"https:\/\/www.ericaturizam.hr\/wp-content\/uploads\/2018\/05\/Park_Riviera_2_resize.jpg","articleSection":["Kamp Park Riviera - de","Unkategorisiert"],"inLanguage":"de"},{"@type":"WebPage","@id":"https:\/\/www.ericaturizam.hr\/de\/park-riviera-2-zimmer-neu\/","url":"https:\/\/www.ericaturizam.hr\/de\/park-riviera-2-zimmer-neu\/","name":"Park Riviera 2 Zimmer - Erica turizam","isPartOf":{"@id":"https:\/\/www.ericaturizam.hr\/hr\/#website"},"primaryImageOfPage":{"@id":"https:\/\/www.ericaturizam.hr\/de\/park-riviera-2-zimmer-neu\/#primaryimage"},"image":{"@id":"https:\/\/www.ericaturizam.hr\/de\/park-riviera-2-zimmer-neu\/#primaryimage"},"thumbnailUrl":"https:\/\/www.ericaturizam.hr\/wp-content\/uploads\/2018\/05\/Park_Riviera_2_resize.jpg","datePublished":"2024-03-01T10:57:16+00:00","dateModified":"2025-07-28T08:14:21+00:00","author":{"@id":"https:\/\/www.ericaturizam.hr\/hr\/#\/schema\/person\/b08d6d0bba5338c976bfc8a34a227aae"},"breadcrumb":{"@id":"https:\/\/www.ericaturizam.hr\/de\/park-riviera-2-zimmer-neu\/#breadcrumb"},"inLanguage":"de","potentialAction":[{"@type":"ReadAction","target":["https:\/\/www.ericaturizam.hr\/de\/park-riviera-2-zimmer-neu\/"]}]},{"@type":"ImageObject","inLanguage":"de","@id":"https:\/\/www.ericaturizam.hr\/de\/park-riviera-2-zimmer-neu\/#primaryimage","url":"https:\/\/www.ericaturizam.hr\/wp-content\/uploads\/2018\/05\/Park_Riviera_2_resize.jpg","contentUrl":"https:\/\/www.ericaturizam.hr\/wp-content\/uploads\/2018\/05\/Park_Riviera_2_resize.jpg","width":1920,"height":1282},{"@type":"BreadcrumbList","@id":"https:\/\/www.ericaturizam.hr\/de\/park-riviera-2-zimmer-neu\/#breadcrumb","itemListElement":[{"@type":"ListItem","position":1,"name":"Po\u010detna stranica","item":"https:\/\/www.ericaturizam.hr\/de\/"},{"@type":"ListItem","position":2,"name":"Park Riviera 2 Zimmer"}]},{"@type":"WebSite","@id":"https:\/\/www.ericaturizam.hr\/hr\/#website","url":"https:\/\/www.ericaturizam.hr\/hr\/","name":"Erica turizam","description":"apartments &amp; holiday mobile homes","potentialAction":[{"@type":"SearchAction","target":{"@type":"EntryPoint","urlTemplate":"https:\/\/www.ericaturizam.hr\/hr\/?s={search_term_string}"},"query-input":{"@type":"PropertyValueSpecification","valueRequired":true,"valueName":"search_term_string"}}],"inLanguage":"de"},{"@type":"Person","@id":"https:\/\/www.ericaturizam.hr\/hr\/#\/schema\/person\/b08d6d0bba5338c976bfc8a34a227aae","name":"swebart","url":"https:\/\/www.ericaturizam.hr\/de\/author\/swebart\/"}]}},"_links":{"self":[{"href":"https:\/\/www.ericaturizam.hr\/de\/wp-json\/wp\/v2\/posts\/5935","targetHints":{"allow":["GET"]}}],"collection":[{"href":"https:\/\/www.ericaturizam.hr\/de\/wp-json\/wp\/v2\/posts"}],"about":[{"href":"https:\/\/www.ericaturizam.hr\/de\/wp-json\/wp\/v2\/types\/post"}],"author":[{"embeddable":true,"href":"https:\/\/www.ericaturizam.hr\/de\/wp-json\/wp\/v2\/users\/1"}],"replies":[{"embeddable":true,"href":"https:\/\/www.ericaturizam.hr\/de\/wp-json\/wp\/v2\/comments?post=5935"}],"version-history":[{"count":6,"href":"https:\/\/www.ericaturizam.hr\/de\/wp-json\/wp\/v2\/posts\/5935\/revisions"}],"predecessor-version":[{"id":6637,"href":"https:\/\/www.ericaturizam.hr\/de\/wp-json\/wp\/v2\/posts\/5935\/revisions\/6637"}],"wp:featuredmedia":[{"embeddable":true,"href":"https:\/\/www.ericaturizam.hr\/de\/wp-json\/wp\/v2\/media\/5936"}],"wp:attachment":[{"href":"https:\/\/www.ericaturizam.hr\/de\/wp-json\/wp\/v2\/media?parent=5935"}],"wp:term":[{"taxonomy":"category","embeddable":true,"href":"https:\/\/www.ericaturizam.hr\/de\/wp-json\/wp\/v2\/categories?post=5935"},{"taxonomy":"post_tag","embeddable":true,"href":"https:\/\/www.ericaturizam.hr\/de\/wp-json\/wp\/v2\/tags?post=5935"}],"curies":[{"name":"wp","href":"https:\/\/api.w.org\/{rel}","templated":true}]}}